{"id":2482,"date":"2025-04-21T18:49:49","date_gmt":"2025-04-21T16:49:49","guid":{"rendered":"https:\/\/jesingen-ski.de\/page\/?p=2482"},"modified":"2025-04-21T19:08:47","modified_gmt":"2025-04-21T17:08:47","slug":"1-mai-wanderung","status":"publish","type":"post","link":"https:\/\/jesingen-ski.de\/page\/2025\/04\/21\/1-mai-wanderung\/","title":{"rendered":"1. Mai-Wanderung"},"content":{"rendered":"\n<figure class=\"wp-block-image size-large\"><img loading=\"lazy\" decoding=\"async\" width=\"1024\" height=\"683\" src=\"https:\/\/jesingen-ski.de\/page\/wp-content\/uploads\/2025\/04\/Maiwanderung_Plakat-1024x683.jpg\" alt=\"\" class=\"wp-image-2493\" srcset=\"https:\/\/jesingen-ski.de\/page\/wp-content\/uploads\/2025\/04\/Maiwanderung_Plakat-1024x683.jpg 1024w, https:\/\/jesingen-ski.de\/page\/wp-content\/uploads\/2025\/04\/Maiwanderung_Plakat-300x200.jpg 300w, https:\/\/jesingen-ski.de\/page\/wp-content\/uploads\/2025\/04\/Maiwanderung_Plakat-768x512.jpg 768w, https:\/\/jesingen-ski.de\/page\/wp-content\/uploads\/2025\/04\/Maiwanderung_Plakat-1536x1024.jpg 1536w, https:\/\/jesingen-ski.de\/page\/wp-content\/uploads\/2025\/04\/Maiwanderung_Plakat-2048x1366.jpg 2048w\" sizes=\"auto, (max-width: 1024px) 100vw, 1024px\" \/><\/figure>\n\n\n\n<p>Am 1. Mai werden wir wieder unsere traditionelle Maiwanderung durchf\u00fchren. <br>Treffpunkt ist an den Garagen in den Lehen\u00e4ckern um 10.30 Uhr. Wir wandern eine gem\u00fctliche Runde rund um Jesingen und werden anschlie\u00dfend auf dem Laurich zusammenkommen.<br>Grillgut bitte selber mitbringen. F\u00fcr Getr\u00e4nke ist gesorgt.<\/p>\n\n\n\n<p>Wir freuen uns auf eine rege Teilnahme.<\/p>\n\n\n\n<p>Bei schlechtem Wetter werden wir zum Sch\u00fctzenhock an die Gemeindehalle laufen.<\/p>\n","protected":false},"excerpt":{"rendered":"<p>Am 1. Mai werden wir wieder unsere traditionelle Maiwanderung durchf\u00fchren. Treffpunkt ist an den Garagen in den Lehen\u00e4ckern um 10.30 Uhr. Wir wandern eine gem\u00fctliche Runde rund um Jesingen und werden anschlie\u00dfend auf dem Laurich zusammenkommen.Grillgut bitte selber mitbringen. F\u00fcr Getr\u00e4nke ist gesorgt. Wir freuen uns auf eine rege Teilnahme. Bei schlechtem Wetter werden wir [&hellip;]<\/p>\n","protected":false},"author":3,"featured_media":0,"comment_status":"open","ping_status":"open","sticky":false,"template":"","format":"standard","meta":{"footnotes":""},"categories":[1],"tags":[],"class_list":["post-2482","post","type-post","status-publish","format-standard","hentry","category-allgemein"],"_links":{"self":[{"href":"https:\/\/jesingen-ski.de\/page\/wp-json\/wp\/v2\/posts\/2482","targetHints":{"allow":["GET"]}}],"collection":[{"href":"https:\/\/jesingen-ski.de\/page\/wp-json\/wp\/v2\/posts"}],"about":[{"href":"https:\/\/jesingen-ski.de\/page\/wp-json\/wp\/v2\/types\/post"}],"author":[{"embeddable":true,"href":"https:\/\/jesingen-ski.de\/page\/wp-json\/wp\/v2\/users\/3"}],"replies":[{"embeddable":true,"href":"https:\/\/jesingen-ski.de\/page\/wp-json\/wp\/v2\/comments?post=2482"}],"version-history":[{"count":5,"href":"https:\/\/jesingen-ski.de\/page\/wp-json\/wp\/v2\/posts\/2482\/revisions"}],"predecessor-version":[{"id":2494,"href":"https:\/\/jesingen-ski.de\/page\/wp-json\/wp\/v2\/posts\/2482\/revisions\/2494"}],"wp:attachment":[{"href":"https:\/\/jesingen-ski.de\/page\/wp-json\/wp\/v2\/media?parent=2482"}],"wp:term":[{"taxonomy":"category","embeddable":true,"href":"https:\/\/jesingen-ski.de\/page\/wp-json\/wp\/v2\/categories?post=2482"},{"taxonomy":"post_tag","embeddable":true,"href":"https:\/\/jesingen-ski.de\/page\/wp-json\/wp\/v2\/tags?post=2482"}],"curies":[{"name":"wp","href":"https:\/\/api.w.org\/{rel}","templated":true}]}}